{"id":242,"date":"2023-05-23T11:10:57","date_gmt":"2023-05-23T09:10:57","guid":{"rendered":"https:\/\/user15.gesem.es\/blog\/?p=242"},"modified":"2023-05-30T10:46:00","modified_gmt":"2023-05-30T08:46:00","slug":"nova-convocatoria-per-a-ajudes-i-beques-escolars","status":"publish","type":"post","link":"https:\/\/user15.gesem.es\/blog\/2023\/05\/23\/nova-convocatoria-per-a-ajudes-i-beques-escolars\/","title":{"rendered":"Nova convocat\u00f2ria per a ajudes i beques escolars"},"content":{"rendered":"\n<p class=\"wp-block-paragraph\">Les fam\u00edlies amb fills i filles escolaritzats en centres educatius de Catalunya que ho necessiteu, podeu optar a diversos ajuts de tipus social (ajuts individuals de despla\u00e7ament o de menjador), amb la finalitat de garantir les necessitats i drets b\u00e0sics, i tamb\u00e9 a subvencions per a l&#8217;alumnat que acrediti la necessitat espec\u00edfica de rebre suport educatiu (derivada de discapacitat o trastorn greu de conducta, o associada a altes capacitats) i reuneixi els requisits establerts.<\/p>\n\n\n\n<figure class=\"wp-block-image size-full\"><img loading=\"lazy\" decoding=\"async\" width=\"275\" height=\"183\" src=\"https:\/\/user15.gesem.es\/blog\/wp-content\/uploads\/2023\/05\/cole2.jpg\" alt=\"\" class=\"wp-image-244\"\/><\/figure>\n","protected":false},"excerpt":{"rendered":"<p>Les fam\u00edlies amb fills i filles escolaritzats en centres educatius de Catalunya que ho necessiteu, podeu optar a diversos ajuts&hellip;<\/p>\n","protected":false},"author":1,"featured_media":244,"comment_status":"open","ping_status":"open","sticky":false,"template":"","format":"standard","meta":{"footnotes":""},"categories":[11],"tags":[],"class_list":["post-242","post","type-post","status-publish","format-standard","has-post-thumbnail","hentry","category-news"],"_links":{"self":[{"href":"https:\/\/user15.gesem.es\/blog\/wp-json\/wp\/v2\/posts\/242","targetHints":{"allow":["GET"]}}],"collection":[{"href":"https:\/\/user15.gesem.es\/blog\/wp-json\/wp\/v2\/posts"}],"about":[{"href":"https:\/\/user15.gesem.es\/blog\/wp-json\/wp\/v2\/types\/post"}],"author":[{"embeddable":true,"href":"https:\/\/user15.gesem.es\/blog\/wp-json\/wp\/v2\/users\/1"}],"replies":[{"embeddable":true,"href":"https:\/\/user15.gesem.es\/blog\/wp-json\/wp\/v2\/comments?post=242"}],"version-history":[{"count":2,"href":"https:\/\/user15.gesem.es\/blog\/wp-json\/wp\/v2\/posts\/242\/revisions"}],"predecessor-version":[{"id":393,"href":"https:\/\/user15.gesem.es\/blog\/wp-json\/wp\/v2\/posts\/242\/revisions\/393"}],"wp:featuredmedia":[{"embeddable":true,"href":"https:\/\/user15.gesem.es\/blog\/wp-json\/wp\/v2\/media\/244"}],"wp:attachment":[{"href":"https:\/\/user15.gesem.es\/blog\/wp-json\/wp\/v2\/media?parent=242"}],"wp:term":[{"taxonomy":"category","embeddable":true,"href":"https:\/\/user15.gesem.es\/blog\/wp-json\/wp\/v2\/categories?post=242"},{"taxonomy":"post_tag","embeddable":true,"href":"https:\/\/user15.gesem.es\/blog\/wp-json\/wp\/v2\/tags?post=242"}],"curies":[{"name":"wp","href":"https:\/\/api.w.org\/{rel}","templated":true}]}}